{"id":67,"date":"2010-06-18T11:34:04","date_gmt":"2010-06-18T10:34:04","guid":{"rendered":"http:\/\/www.language-trainers.de\/blog\/?p=67"},"modified":"2013-06-20T16:00:08","modified_gmt":"2013-06-20T15:00:08","slug":"sprachen-und-macht","status":"publish","type":"post","link":"https:\/\/www.language-trainers.de\/blog\/sprachen-und-macht\/","title":{"rendered":"Sprachen und Macht"},"content":{"rendered":"<p><img loading=\"lazy\" decoding=\"async\" class=\"alignleft\" title=\"Sprachen\" alt=\"\" src=\"http:\/\/andrea2007.files.wordpress.com\/2009\/08\/sprachen.jpg\" width=\"262\" height=\"176\" \/>Ein h\u00f6chst interessanter Artikel erschien diese Woche auf der <a title=\"Language and Power\" href=\"http:\/\/www.guardian.co.uk\/books\/2010\/jun\/14\/belgian-elections-language-explosive-issue\" target=\"_blank\">Guardian Webseite<\/a>, einer hochwertigen britische Tageszeitung, und ich empfehle jedem der Englisch spricht, sich diesen einmal durchzulesen. Der Journalist und Autor des Buches \u201eWho are we \u2013 and should it matter in the 21<sup>st<\/sup> century?\u201d, Gary Younge, diskutiert die Signifikanz von Sprachen w\u00e4hrend der letzten und in diesem Jahrhundert. Ausgangspunkt des Artikels ist die k\u00fcrzlich stattgefundene Parlamentswahl in Belgien, welche die nationalistische Neu-Fl\u00e4mische Allianz (NVA) als st\u00e4rkste politische Kraft etablierte. Hauptagendapunkt der NVA ist die Unabh\u00e4ngigkeit von Flandern, dem holl\u00e4ndischen Dialekt sprechenden Teil Belgiens (mehr dazu <a title=\"Parlamentswahlen in Belgien\" href=\"http:\/\/www.faz.net\/s\/RubDDBDABB9457A437BAA85A49C26FB23A0\/Doc~E4D2A0351480C4473B88E5BF28B72D989~ATpl~Ecommon~Scontent.html\" target=\"_blank\">hier<\/a>). In einem Land wie Belgien mit 3 verschiedenen Amtssprachen wird eine Sprache schnell zum Politikum.<\/p>\n<p>Younge zeigt weiter, wie historisch gesehen, Sprachen ein politisches Instrument waren, welches Nationalit\u00e4ten aufgesetzt bekamen und nicht, wie man meinen sollte, erschufen. Deutlich wird das durch Beispiele aus Italien, wo zum Zeitpunkt der Vereinigung und Auserkorung Italiens nur etwa 2,5% der Bev\u00f6lkerung Italienisch sprachen und dieses jedoch zur Amtssprache wurde. Ebenso sprachen nur 12-13% der Franzosen korrektes Franz\u00f6sisch zur Zeit der franz\u00f6sischen Revolution. Selbst heute finden sich noch solche F\u00e4lle, wie Belgien zeigt. Aber auch Spanien hat neben dem offiziellen Spanisch, drei weitere regionale Dialekte (Katalanisch, Baskisch und Galicisch), welche ihre Anh\u00e4nger haben und nicht zuletzt durch politische Auftritte ihre eigene Vormachtstellung verdeutlichen m\u00f6chten.<\/p>\n<p>Vielleicht werde ich mir auch das Buch zulegen. Auf jeden Fall wird hier ein sehr interessanter Aspekt von Sprachen besprochen, von dem viele wahrscheinlich nichts wissen. Selten hat mich zumindest ein Artikel so wachger\u00fcckelt und meine Perspektive zu Fremdsprachen in Frage gestellt.<\/p>\n","protected":false},"excerpt":{"rendered":"Ein h\u00f6chst interessanter Artikel erschien diese Woche auf der Guardian Webseite, einer hochwertigen britische Tageszeitung, und ich&#8230;","protected":false},"author":1,"featured_media":0,"comment_status":"open","ping_status":"open","sticky":false,"template":"","format":"standard","meta":{"footnotes":""},"categories":[79,68,17],"tags":[31],"class_list":["post-67","post","type-post","status-publish","format-standard","hentry","category-sprache","category-laender","category-witzigesundkurioses","tag-sprachen-power-lander"],"aioseo_notices":[],"_links":{"self":[{"href":"https:\/\/www.language-trainers.de\/blog\/wp-json\/wp\/v2\/posts\/67"}],"collection":[{"href":"https:\/\/www.language-trainers.de\/blog\/wp-json\/wp\/v2\/posts"}],"about":[{"href":"https:\/\/www.language-trainers.de\/blog\/wp-json\/wp\/v2\/types\/post"}],"author":[{"embeddable":true,"href":"https:\/\/www.language-trainers.de\/blog\/wp-json\/wp\/v2\/users\/1"}],"replies":[{"embeddable":true,"href":"https:\/\/www.language-trainers.de\/blog\/wp-json\/wp\/v2\/comments?post=67"}],"version-history":[{"count":4,"href":"https:\/\/www.language-trainers.de\/blog\/wp-json\/wp\/v2\/posts\/67\/revisions"}],"predecessor-version":[{"id":244,"href":"https:\/\/www.language-trainers.de\/blog\/wp-json\/wp\/v2\/posts\/67\/revisions\/244"}],"wp:attachment":[{"href":"https:\/\/www.language-trainers.de\/blog\/wp-json\/wp\/v2\/media?parent=67"}],"wp:term":[{"taxonomy":"category","embeddable":true,"href":"https:\/\/www.language-trainers.de\/blog\/wp-json\/wp\/v2\/categories?post=67"},{"taxonomy":"post_tag","embeddable":true,"href":"https:\/\/www.language-trainers.de\/blog\/wp-json\/wp\/v2\/tags?post=67"}],"curies":[{"name":"wp","href":"https:\/\/api.w.org\/{rel}","templated":true}]}}